{"id":396,"date":"2026-01-29T21:35:45","date_gmt":"2026-01-29T20:35:45","guid":{"rendered":"https:\/\/tpzl.info\/?p=396"},"modified":"2026-03-03T21:08:46","modified_gmt":"2026-03-03T20:08:46","slug":"zasluzeni-2025-r","status":"publish","type":"post","link":"https:\/\/tpzl.info\/index.php\/2026\/01\/29\/zasluzeni-2025-r\/","title":{"rendered":"Zas\u0142u\u017ceni 2025 r."},"content":{"rendered":"\n<p>W 2025 roku Kapitu\u0142a TPZ\u0141 przyzna\u0142a odznaczenie ,,Zas\u0142u\u017cony dla Ziemi \u0141osickiej&#8221; nast\u0119puj\u0105cym osobom: .<\/p>\n\n\n\n<p>&#8211; Bibliotece Pedagogicznej im. Heleny Radli\u0144skiej filia \u0141osice<\/p>\n\n\n\n<p>&#8211; Towarzystwu Mi\u0142o\u015bnik\u00f3w Ziemi Sarnackiej&nbsp;<\/p>\n\n\n\n<p>&#8211; Dziekanowi dekanatu \u0142osickiego ks. S\u0142awomirowi Kapitanowi<\/p>\n\n\n\n<p>&#8211; Pani Mariannie Paw\u0142owskiej&nbsp;<\/p>\n\n\n\n<p>&#8211; Panu Przemys\u0142awowi Stefaniukowi&nbsp;<\/p>\n\n\n\n<p>&#8211; Panu Krzysztofowi Dzio\u0142akowi<\/p>\n","protected":false},"excerpt":{"rendered":"<p>W 2025 roku Kapitu\u0142a TPZ\u0141 przyzna\u0142a odznaczenie ,,Zas\u0142u\u017cony dla Ziemi \u0141osickiej&#8221; nast\u0119puj\u0105cym osobom: . &#8211; Bibliotece Pedagogicznej im. Heleny Radli\u0144skiej filia \u0141osice &#8211; Towarzystwu Mi\u0142o\u015bnik\u00f3w Ziemi Sarnackiej&nbsp; &#8211; Dziekanowi dekanatu \u0142osickiego ks. S\u0142awomirowi Kapitanowi &#8211; Pani Mariannie Paw\u0142owskiej&nbsp; &#8211; Panu Przemys\u0142awowi Stefaniukowi&nbsp; &#8211; Panu Krzysztofowi Dzio\u0142akowi<\/p>\n","protected":false},"author":2,"featured_media":0,"comment_status":"closed","ping_status":"","sticky":false,"template":"","format":"standard","meta":{"footnotes":""},"categories":[1],"tags":[],"class_list":["post-396","post","type-post","status-publish","format-standard","hentry","category-uncategorized"],"_links":{"self":[{"href":"https:\/\/tpzl.info\/index.php\/wp-json\/wp\/v2\/posts\/396","targetHints":{"allow":["GET"]}}],"collection":[{"href":"https:\/\/tpzl.info\/index.php\/wp-json\/wp\/v2\/posts"}],"about":[{"href":"https:\/\/tpzl.info\/index.php\/wp-json\/wp\/v2\/types\/post"}],"author":[{"embeddable":true,"href":"https:\/\/tpzl.info\/index.php\/wp-json\/wp\/v2\/users\/2"}],"replies":[{"embeddable":true,"href":"https:\/\/tpzl.info\/index.php\/wp-json\/wp\/v2\/comments?post=396"}],"version-history":[{"count":3,"href":"https:\/\/tpzl.info\/index.php\/wp-json\/wp\/v2\/posts\/396\/revisions"}],"predecessor-version":[{"id":419,"href":"https:\/\/tpzl.info\/index.php\/wp-json\/wp\/v2\/posts\/396\/revisions\/419"}],"wp:attachment":[{"href":"https:\/\/tpzl.info\/index.php\/wp-json\/wp\/v2\/media?parent=396"}],"wp:term":[{"taxonomy":"category","embeddable":true,"href":"https:\/\/tpzl.info\/index.php\/wp-json\/wp\/v2\/categories?post=396"},{"taxonomy":"post_tag","embeddable":true,"href":"https:\/\/tpzl.info\/index.php\/wp-json\/wp\/v2\/tags?post=396"}],"curies":[{"name":"wp","href":"https:\/\/api.w.org\/{rel}","templated":true}]}}